{"id":289485,"date":"2026-09-03T09:32:03","date_gmt":"2026-09-03T07:32:03","guid":{"rendered":"https:\/\/tari.it\/?p=289485"},"modified":"2026-09-03T09:32:29","modified_gmt":"2026-09-03T07:32:29","slug":"il-museo-mac3-debutta-sulla-scena-internazionale-a-vicenza","status":"publish","type":"post","link":"https:\/\/tari.it\/en\/news\/il-museo-mac3-debutta-sulla-scena-internazionale-a-vicenza\/","title":{"rendered":"Il Museo MAC3 debutta sulla scena internazionale a Vicenza"},"content":{"rendered":"<p>Il Museo MAC3 \u2013 Museo d\u2019Arte, Corallo, Cammeo e Citt\u00e0 di Torre del Greco \u2013 fa il suo debutto in ambito internazionale in occasione della prossima edizione di Vicenzaoro, che si terr\u00e0 dal 4 all\u20198 settembre a Vicenza. Vicenzaoro \u00e8 tra le tre fiere internazionali pi\u00f9 importanti al mondo nel settore orafo e gioielliero, insieme a Las Vegas e Hong Kong, ed \u00e8 frequentata dalle aziende di Torre del Greco da oltre 50 anni.<br \/>\nPer la prima volta, il Museo MAC3, a pochi mesi dalla sua inaugurazione, lascia dunque il suo ambito locale per promuoversi su un palcoscenico internazionale.<\/p>\n<div class=\"wp-block-image\"><img loading=\"lazy\" decoding=\"async\" class=\"wpa-warning wpa-image-missing-alt alignleft wp-image-289496 \" src=\"https:\/\/tari.it\/wp-content\/uploads\/2026\/09\/locandina-512x1024.jpg\" alt=\"\" width=\"311\" height=\"622\" data-warning=\"Testo alt mancante\" \/><\/div>\n<p>L\u2019iniziativa rientra nel palinsesto di VIOFF, il Fuori Fiera nato dalla sinergia tra l&#8217;Amministrazione comunale di Vicenza e Italian Exhibition Group (IEG) che ad ogni edizione di Vicenzaoro propone un calendario collaterale di iniziative che collega la citt\u00e0 di Vicenza alla fiera dell\u2019oro.<br \/>\nNei giorni 5 e 6 settembre, infatti, un contenuto virtuale del MAC3 sar\u00e0 presente all\u2019interno del Museo del Gioiello di Vicenza, museo che racconta la storia del gioiello italiano attraverso i diversi distretti produttivi e le diverse epoche. Il Consorzio Corallo e Cammeo Torrese, che attualmente gestisce il personale del Museo MAC3, ha accettato fin da subito l\u2019invito degli organizzatori di Vicenzaoro a creare questa porta virtuale che, per due giorni, mostrer\u00e0 ai tanti visitatori nazionali e internazionali che passeranno per Vicenza il Museo MAC3.<\/p>\n<p>Inoltre, all\u2019interno del Museo del Gioiello sar\u00e0 presente anche un abile artigiano che effettuer\u00e0 dimostrazioni dal vivo di incisione, permettendo ai visitatori di vivere una vera e propria esperienza e di provare con mano questa bicentenaria tecnica di lavorazione che rende Torre del Greco riconoscibile nel mondo.<\/p>\n<p>\u00abCome amministrazione comunale \u2013 aerma il sindaco di Torre del Greco, Luigi Mennella \u2013 abbiamo immediatamente aderito alla proposta formulataci dal Consorzio. La partecipazione delle aziende torresi all\u2019interno di questa importante fiera internazionale \u00e8 un dato storico, ma per la prima volta sar\u00e0 aiancata da una presenza altrettanto significativa ed identitaria come quella del Museo MAC3, che rappresenta per l\u2019ente una scommessa nata principalmente per attrarre ulteriormente i visitatori e fornire loro elementi utili per comprendere la storicit\u00e0 di una lavorazione, quella del corallo e del cammeo, che ha reso i nostri artigiani un esempio unico in tutto il mondo\u00bb.<\/p>\n<p>\u00abSiamo particolarmente contenti di ospitare al Museo del Gioiello un\u2019iniziativa dedicata a una delle pi\u00f9 apprezzate tradizioni orafe della nostra penisola &#8211; commenta Michela Amenduni, direttore gestionale del Museo del Gioiello. La lavorazione del corallo e del cammeo, iscritta nel Bollettino nazionale delle IGP \u2013 Indicazioni Geografiche Protette per prodotti artigianali e industriali, rappresenta uno degli esempi pi\u00f9 significativi di creativit\u00e0, savoir-faire e maestria del Made in Italy riconosciuti nel mondo. La sua dimensione laboratoriale e interattiva si sposa perfettamente con la vocazione del Museo e con lo spirito di VIOFF, arricchendone il programma di esperienze con un\u2019occasione per entrare in contatto diretto con questa tradizione artigianale e apprezzarne da vicino tecniche, gesti e saperi\u00bb.<\/p>\n<div class=\"wp-block-image\"><img loading=\"lazy\" decoding=\"async\" class=\"wpa-warning wpa-image-missing-alt aligncenter wp-image-289488 \" src=\"https:\/\/tari.it\/wp-content\/uploads\/2026\/09\/DSC01637-1024x668.jpg\" alt=\"\" width=\"722\" height=\"471\" data-warning=\"Testo alt mancante\" \/><\/div>\n<p style=\"text-align: center;\">\u00abRingraziamo i vertici di Vicenzaoro per averci coinvolto ancora una volta all\u2019interno di un palcoscenico cos\u00ec importante\u00bb, dichiara il presidente del Consorzio Corallo e Cammeo Torrese e di Assocoral, Vincenzo Aucella, che prosegue: \u00abRingraziamo inoltre l\u2019Amministrazione comunale e l\u2019Ufficio Cultura, che hanno subito accolto questo nostro impegno di portare il Museo cittadino a Vicenza per due giorni, grazie a un\u2019apposita delibera di Giunta. Proseguono dunque le azioni concrete per valorizzare il Museo MAC3 e, indirettamente, anche il nostro artigianato artistico, consapevoli che ognuno debba fare la propria parte, insieme, pubblico e privato, per scrivere una nuova pagina per Torre del Greco\u00bb.<\/p>\n<div class=\"wp-block-image\"><img loading=\"lazy\" decoding=\"async\" class=\"wpa-warning wpa-image-missing-alt aligncenter wp-image-289488 \" src=\"https:\/\/tari.it\/wp-content\/uploads\/2026\/09\/DSC01637-1024x668.jpg\" alt=\"\" width=\"720\" height=\"470\" data-warning=\"Testo alt mancante\" \/><\/div>\n<p style=\"text-align: center;\">L\u2019appuntamento, dunque, \u00e8 al VIOFF nei giorni 5 e 6 settembre, presso il Museo del Gioiello di Vicenza.<\/p>\n","protected":false},"excerpt":{"rendered":"<p>Il Museo MAC3 \u2013 Museo d\u2019Arte, Corallo, Cammeo e Citt\u00e0 di Torre del Greco \u2013 fa il suo debutto in ambito internazionale in occasione della prossima edizione di Vicenzaoro, che si terr\u00e0 dal 4 all\u20198 settembre a Vicenza. Vicenzaoro \u00e8 tra le tre fiere internazionali pi\u00f9 importanti al mondo nel settore orafo e gioielliero, insieme [&hellip;]<\/p>\n","protected":false},"author":4,"featured_media":289490,"comment_status":"closed","ping_status":"closed","sticky":false,"template":"","format":"standard","meta":{"_acf_changed":false,"_et_pb_use_builder":"","_et_pb_old_content":"","_et_gb_content_width":"","footnotes":""},"categories":[28],"tags":[],"class_list":["post-289485","post","type-post","status-publish","format-standard","has-post-thumbnail","hentry","category-news"],"acf":[],"_links":{"self":[{"href":"https:\/\/tari.it\/en\/wp-json\/wp\/v2\/posts\/289485","targetHints":{"allow":["GET"]}}],"collection":[{"href":"https:\/\/tari.it\/en\/wp-json\/wp\/v2\/posts"}],"about":[{"href":"https:\/\/tari.it\/en\/wp-json\/wp\/v2\/types\/post"}],"author":[{"embeddable":true,"href":"https:\/\/tari.it\/en\/wp-json\/wp\/v2\/users\/4"}],"replies":[{"embeddable":true,"href":"https:\/\/tari.it\/en\/wp-json\/wp\/v2\/comments?post=289485"}],"version-history":[{"count":2,"href":"https:\/\/tari.it\/en\/wp-json\/wp\/v2\/posts\/289485\/revisions"}],"predecessor-version":[{"id":289500,"href":"https:\/\/tari.it\/en\/wp-json\/wp\/v2\/posts\/289485\/revisions\/289500"}],"wp:featuredmedia":[{"embeddable":true,"href":"https:\/\/tari.it\/en\/wp-json\/wp\/v2\/media\/289490"}],"wp:attachment":[{"href":"https:\/\/tari.it\/en\/wp-json\/wp\/v2\/media?parent=289485"}],"wp:term":[{"taxonomy":"category","embeddable":true,"href":"https:\/\/tari.it\/en\/wp-json\/wp\/v2\/categories?post=289485"},{"taxonomy":"post_tag","embeddable":true,"href":"https:\/\/tari.it\/en\/wp-json\/wp\/v2\/tags?post=289485"}],"curies":[{"name":"wp","href":"https:\/\/api.w.org\/{rel}","templated":true}]}}